{"id":16822,"date":"2021-01-15T11:39:19","date_gmt":"2021-01-15T14:39:19","guid":{"rendered":"https:\/\/infovera.com.ar\/web\/?p=16822"},"modified":"2021-01-16T13:55:26","modified_gmt":"2021-01-16T16:55:26","slug":"la-provincia-incluira-a-los-carnavales-de-vera-como-programa-de-la-escuela-de-oficios-artisticos","status":"publish","type":"post","link":"https:\/\/infovera.com.ar\/web\/2021\/01\/15\/la-provincia-incluira-a-los-carnavales-de-vera-como-programa-de-la-escuela-de-oficios-artisticos\/","title":{"rendered":"La provincia incluir\u00e1 a los carnavales como programa de la Escuela de Oficios Art\u00edsticos"},"content":{"rendered":"<p><strong>Durante este a\u00f1o se conformar\u00e1 una comisi\u00f3n para llegar a los carnavales 2022 de forma organizada y se convocar\u00e1 a otras provincias para que las comparsas ampl\u00eden su horizonte de actuaciones.<\/strong><\/p>\n<p>El ministro de Cultura, Jorge Llonch, en su visita a la ciudad de Vera, mantuvo un encuentro con la intendenta Paula Mitre y representantes de las comparsas de esa ciudad, con quienes analiz\u00f3 la crisis del sector durante la pandemia.<\/p>\n<p>En la reuni\u00f3n se abord\u00f3 la dif\u00edcil situaci\u00f3n que atraviesa el sector desde el inicio de la pandemia, lo cual impidi\u00f3 realizar los carnavales este a\u00f1o. En ese sentido, el ministro otorg\u00f3 un subsidio que ser\u00e1 distribuido entre todas las comparsas y defini\u00f3 junto a los representantes de las agrupaciones integrar una comisi\u00f3n, que se reunir\u00e1 durante 2021 para llegar a los carnavales del a\u00f1o pr\u00f3ximo en forma organizada.<\/p>\n<p>\u201cLa idea es que la pandemia no apague el esp\u00edritu del carnaval\u201d, fue la consigna en la que coincidieron. Uno de los representantes, emocionado, expres\u00f3: \u201cEn los barrios m\u00e1s humildes y postergados, desde muy chicos, todos hacen sus trajecitos. No sobra nada, siempre hay carencias, pero cuando llega el momento del desfile de comparsas, se olvidan todas las penas. En la comparsa encontramos la felicidad\u201d.<\/p>\n<p>Uno de los compromisos asumidos es la elaboraci\u00f3n de un programa de estudios donde se ense\u00f1e el oficio y el arte de las comparsas. \u201cEse programa ser\u00e1 incluido en la curr\u00edcula de la Escuela de Oficios Art\u00edsticos\u201d, asegur\u00f3 Llonch.<\/p>\n<p>Asimismo, el ministro convocar\u00e1 a otras provincias donde tradicionalmente se celebran los carnavales para realizar un intercambio y \u201cque las comparsas ampl\u00eden su horizonte de presentaciones y actuaciones, con provincias hermanas, como Entre R\u00edos y Corrientes, por ejemplo\u201d.<\/p>\n<p><strong>CURSOS Y TV<\/strong><\/p>\n<p>Por \u00faltimo, surgi\u00f3 la iniciativa de organizar y dictar cursos de carpinter\u00eda, herrer\u00eda, textiles, para la producci\u00f3n de ornamentaciones para comparsas y vestuarios. Y se convocar\u00e1 al canal p\u00fablico de la Provincia 5RTV y a canales privados para la transmisi\u00f3n de los Carnavales 2022, articulando con el Ministerio de Desarrollo Social y la Secretar\u00eda de Turismo, a fin de promocionar los carnavales santafesinos.<\/p>\n<p>Participaron como representantes de las comparsas, Andr\u00e9s Vincze, por la comparsa Paraver\u00e1; Ver\u00f3nica Blanco, por Ferrumba; Jos\u00e9 Mar\u00eda Godoy, por Verasamba; Miguel Sabolla, por Unidos del Samba; Mauricio Ballore, por Aerosamba, y Carolina Banegas, por Bambita.<\/p>\n","protected":false},"excerpt":{"rendered":"<p>Durante este a\u00f1o se conformar\u00e1 una comisi\u00f3n para llegar a los carnavales 2022 de forma organizada y se convocar\u00e1 a otras provincias para que las comparsas ampl\u00eden su horizonte de actuaciones. El ministro de Cultura, Jorge Llonch, en su visita a la ciudad de Vera, mantuvo un encuentro con la intendenta Paula Mitre y representantes [&hellip;]<\/p>\n","protected":false},"author":3,"featured_media":16824,"comment_status":"open","ping_status":"open","sticky":false,"template":"","format":"standard","meta":{"_joinchat":[],"footnotes":""},"categories":[51,53],"tags":[],"class_list":{"0":"post-16822","1":"post","2":"type-post","3":"status-publish","4":"format-standard","5":"has-post-thumbnail","7":"category-locales","8":"category-vera"},"_links":{"self":[{"href":"https:\/\/infovera.com.ar\/web\/wp-json\/wp\/v2\/posts\/16822","targetHints":{"allow":["GET"]}}],"collection":[{"href":"https:\/\/infovera.com.ar\/web\/wp-json\/wp\/v2\/posts"}],"about":[{"href":"https:\/\/infovera.com.ar\/web\/wp-json\/wp\/v2\/types\/post"}],"author":[{"embeddable":true,"href":"https:\/\/infovera.com.ar\/web\/wp-json\/wp\/v2\/users\/3"}],"replies":[{"embeddable":true,"href":"https:\/\/infovera.com.ar\/web\/wp-json\/wp\/v2\/comments?post=16822"}],"version-history":[{"count":0,"href":"https:\/\/infovera.com.ar\/web\/wp-json\/wp\/v2\/posts\/16822\/revisions"}],"wp:featuredmedia":[{"embeddable":true,"href":"https:\/\/infovera.com.ar\/web\/wp-json\/wp\/v2\/media\/16824"}],"wp:attachment":[{"href":"https:\/\/infovera.com.ar\/web\/wp-json\/wp\/v2\/media?parent=16822"}],"wp:term":[{"taxonomy":"category","embeddable":true,"href":"https:\/\/infovera.com.ar\/web\/wp-json\/wp\/v2\/categories?post=16822"},{"taxonomy":"post_tag","embeddable":true,"href":"https:\/\/infovera.com.ar\/web\/wp-json\/wp\/v2\/tags?post=16822"}],"curies":[{"name":"wp","href":"https:\/\/api.w.org\/{rel}","templated":true}]}}