{"id":16797,"date":"2021-01-13T22:45:58","date_gmt":"2021-01-14T01:45:58","guid":{"rendered":"https:\/\/infovera.com.ar\/web\/?p=16797"},"modified":"2021-01-13T22:45:58","modified_gmt":"2021-01-14T01:45:58","slug":"la-feria-internacional-del-libro-piensa-un-plan-b-para-el-segundo-semestre-de-2021","status":"publish","type":"post","link":"https:\/\/infovera.com.ar\/web\/2021\/01\/13\/la-feria-internacional-del-libro-piensa-un-plan-b-para-el-segundo-semestre-de-2021\/","title":{"rendered":"La Feria Internacional del Libro piensa un &#8220;plan B&#8221; para el segundo semestre de 2021"},"content":{"rendered":"<p><strong>El presidente interino de la Fundaci\u00f3n El Libro, Alejandro Vaccaro, sostuvo que mantiene un di\u00e1logo permanente con las autoridades del predio de La Rural &#8220;ajust\u00e1ndonos a las peque\u00f1as certezas que vayamos teniendo&#8221; para que el evento pueda realizarse &#8220;de manera presencial&#8221;.<\/strong><\/p>\n<p>Los organizadores de la Feria del Libro de Buenos Aires ven imposible aplicar restricciones en la entrada.<\/p>\n<p>Frente a la situaci\u00f3n epidemiol\u00f3gica actual, la Feria Internacional del Libro de Buenos Aires, que cada a\u00f1o se realiza entre abril y mayo, est\u00e1 pensando &#8220;en un plan B&#8221; de cara a la inminente postergaci\u00f3n de su edici\u00f3n presencial, aunque mantiene un di\u00e1logo permanente con las autoridades del predio de La Rural &#8220;ajust\u00e1ndonos a las peque\u00f1as certezas que vayamos teniendo&#8221; para que este 2021 el evento pueda realizarse &#8220;de manera presencial en el segundo semestre&#8221;, sostuvo Alejandro Vaccaro, presidente interino de la Fundaci\u00f3n El Libro.<\/p>\n<p>En un escenario dominado por la pandemia y las medidas de distanciamiento, el anuncio de la cancelaci\u00f3n de la edici\u00f3n presencial de la Feria Internacional del Libro de Buenos Aires prevista originalmente para abril era un hecho esperado.<\/p>\n<p>&#8220;Las autoridades de salud no autorizar\u00edan una feria de estas caracter\u00edsticas&#8221;, dice a T\u00e9lam el presidente interino de la Fundaci\u00f3n el Libro, Alejandro Vaccaro, luego del mandato finalizado de Mar\u00eda Teresa Carbano. &#8220;Nosotros tampoco expondr\u00edamos a los lectores en esta situaci\u00f3n sanitaria que est\u00e1 viviendo el mundo&#8221;, sostiene.<\/p>\n<p>Acostumbrada a tener 50.000 visitas en una jornada, los organizadores de la Feria del Libro de Buenos Aires ven imposible aplicar restricciones en la entrada: &#8220;El aforo para ingresar a la feria se descarta, nos parece imposible&#8221;, asegura Vaccaro, quien adem\u00e1s preside la Sociedad Argentina de Escritores (SADE), es escritor, coleccionista y uno de los bi\u00f3grafos de Jorge Luis Borges.<\/p>\n<p>&#8220;Nosotros tampoco expondr\u00edamos a los lectores en esta situaci\u00f3n sanitaria que est\u00e1 viviendo el mundo&#8221;\u201d<\/p>\n<p>Todos los a\u00f1os, como otras grandes ferias del mundo, la FIL tiene invitada una delegaci\u00f3n de escritores de una nacionalidad que llegan para mostrar un recorte geogr\u00e1fico de lo que se est\u00e1 escribiendo. Este a\u00f1o la ciudad invitada es La Habana. Desde la delegaci\u00f3n cultural de la capital cubana, aseguraron que ser\u00e1n 60 los escritores que traer\u00edan a la FIL, lo cual implicar\u00eda un gran trabajo log\u00edstico que no se solucionar\u00eda en solo un par de meses para movilizar esa cantidad de personas.<\/p>\n<p>A la delegaci\u00f3n cubana habr\u00eda que sumar el movimiento de 100 profesionales invitados del exterior, lo cual implica la contrataci\u00f3n de hoteles, traslados y otros aspectos para lo cual la Fundaci\u00f3n trabaja durante todo un a\u00f1o, una log\u00edstica que en este caso habr\u00eda que resolver en menor margen de tiempo y con el adicional de las restricciones que impone la pandemia.<\/p>\n<p>El a\u00f1o pasado, con motivo de la emergencia sanitaria que oblig\u00f3 a estos grandes eventos a reconfigurarse en tiempos r\u00e9cords, la Feria tuvo que cancelar su edici\u00f3n presencial y opt\u00f3 por realizar una edici\u00f3n virtual reducida que incluy\u00f3 cursos y conferencias (incluso un programa en la TV P\u00fablica) y esa experiencia fue muy buena, &#8220;sobre todo los cursos tuvieron mucho \u00e9xito&#8221;, se\u00f1ala el presidente interino.<\/p>\n<p>A Vaccaro le parece que la modalidad &#8220;h\u00edbrida&#8221; (palabra que no le gusta usar, porque no se ajusta a la realidad) podr\u00eda funcionar, pero siempre que lo fuerte sea lo presencial y que lo virtual solo sea un complemento. Y en ese sentido, sostiene: &#8220;Estamos abiertos a cualquier modalidad, mientras la incertidumbre nos siga desafiando: pensamos en un plan B, un plan C&#8230; Estamos atentos a todas las posibilidades de superar esta pandemia y las autoridades de la Rural saben, sin desprestigiar a las dem\u00e1s, que nuestra Feria es la m\u00e1s importante del pa\u00eds&#8221;.<\/p>\n","protected":false},"excerpt":{"rendered":"<p>El presidente interino de la Fundaci\u00f3n El Libro, Alejandro Vaccaro, sostuvo que mantiene un di\u00e1logo permanente con las autoridades del predio de La Rural &#8220;ajust\u00e1ndonos a las peque\u00f1as certezas que vayamos teniendo&#8221; para que el evento pueda realizarse &#8220;de manera presencial&#8221;. Los organizadores de la Feria del Libro de Buenos Aires ven imposible aplicar restricciones [&hellip;]<\/p>\n","protected":false},"author":3,"featured_media":16798,"comment_status":"open","ping_status":"open","sticky":false,"template":"","format":"standard","meta":{"_joinchat":[],"footnotes":""},"categories":[62],"tags":[],"class_list":{"0":"post-16797","1":"post","2":"type-post","3":"status-publish","4":"format-standard","5":"has-post-thumbnail","7":"category-nacionales"},"_links":{"self":[{"href":"https:\/\/infovera.com.ar\/web\/wp-json\/wp\/v2\/posts\/16797","targetHints":{"allow":["GET"]}}],"collection":[{"href":"https:\/\/infovera.com.ar\/web\/wp-json\/wp\/v2\/posts"}],"about":[{"href":"https:\/\/infovera.com.ar\/web\/wp-json\/wp\/v2\/types\/post"}],"author":[{"embeddable":true,"href":"https:\/\/infovera.com.ar\/web\/wp-json\/wp\/v2\/users\/3"}],"replies":[{"embeddable":true,"href":"https:\/\/infovera.com.ar\/web\/wp-json\/wp\/v2\/comments?post=16797"}],"version-history":[{"count":0,"href":"https:\/\/infovera.com.ar\/web\/wp-json\/wp\/v2\/posts\/16797\/revisions"}],"wp:featuredmedia":[{"embeddable":true,"href":"https:\/\/infovera.com.ar\/web\/wp-json\/wp\/v2\/media\/16798"}],"wp:attachment":[{"href":"https:\/\/infovera.com.ar\/web\/wp-json\/wp\/v2\/media?parent=16797"}],"wp:term":[{"taxonomy":"category","embeddable":true,"href":"https:\/\/infovera.com.ar\/web\/wp-json\/wp\/v2\/categories?post=16797"},{"taxonomy":"post_tag","embeddable":true,"href":"https:\/\/infovera.com.ar\/web\/wp-json\/wp\/v2\/tags?post=16797"}],"curies":[{"name":"wp","href":"https:\/\/api.w.org\/{rel}","templated":true}]}}