{"id":16768,"date":"2021-01-13T12:27:19","date_gmt":"2021-01-13T15:27:19","guid":{"rendered":"https:\/\/infovera.com.ar\/web\/?p=16768"},"modified":"2021-01-14T14:21:09","modified_gmt":"2021-01-14T17:21:09","slug":"llego-el-millon-de-pesos-gestionado-por-el-senador-sosa-para-la-vecinal-martin-fierro","status":"publish","type":"post","link":"https:\/\/infovera.com.ar\/web\/2021\/01\/13\/llego-el-millon-de-pesos-gestionado-por-el-senador-sosa-para-la-vecinal-martin-fierro\/","title":{"rendered":"Lleg\u00f3 el mill\u00f3n de pesos gestionado por el senador Sosa para la Vecinal &#8220;Mart\u00edn Fierro&#8221;"},"content":{"rendered":"<p><strong>El legislador verense anunci\u00f3 la llegada de este subsidio para la instituci\u00f3n barrial.<\/strong><\/p>\n<p>El senador Osvaldo Sosa expres\u00f3 que &#8220;nos reunimos con la intendenta Paula Mitre para coordinar la implementaci\u00f3n de fondos por un mill\u00f3n de pesos gestionados desde el Senado y que ser\u00e1n administrados por la Municipalidad para la culminaci\u00f3n de la obra en la Vecinal Mart\u00edn Fierro, ubicada en terreno municipal&#8221;.<\/p>\n<p>Sosa detall\u00f3 que &#8220;en la vecinal estamos realizando un trabajo a paso firme desde hace bastante tiempo, con la ilusi\u00f3n de terminar un proyecto ambicioso para la instituci\u00f3n. Proyecto que contiene sala de espera, consultorios m\u00e9dicos y odontol\u00f3gicos, m\u00e1s una sala de enfermer\u00eda entre varias caracter\u00edsticas&#8221;.<\/p>\n<p>Desde el Senado &#8220;ven\u00edamos realizando distintos aportes destinados a la ejecuci\u00f3n del proyecto, y a su vez, tambi\u00e9n hab\u00edamos comenzado las gestiones para conseguir fondos que nos permitan culminar esta obra tan importante para la ciudad de Vera, y que en los tiempos sanitarios complicados como los que estamos viviendo tambi\u00e9n pueda garantizar un derecho fundamental como el acceso a la salud, prestaci\u00f3n tan imprescindible que viene realizando la Vecinal&#8221;, puso de relieve.<\/p>\n<p>El aporte ser\u00e1 destinado a obras en la Vecinal y debi\u00f3 ser tramitado de manera que el municipio local lo administre teniendo en cuenta la entidad perdi\u00f3 su personer\u00eda jur\u00eddica. Desde la Casa de Senado indicaron que seguir\u00e1n de cerca el desarrollo de los trabajos a fin de que la obra de materialice en el tiempo previsto y beneficie a los vecinos de la popular barriada.<\/p>\n","protected":false},"excerpt":{"rendered":"<p>El legislador verense anunci\u00f3 la llegada de este subsidio para la instituci\u00f3n barrial. El senador Osvaldo Sosa expres\u00f3 que &#8220;nos reunimos con la intendenta Paula Mitre para coordinar la implementaci\u00f3n de fondos por un mill\u00f3n de pesos gestionados desde el Senado y que ser\u00e1n administrados por la Municipalidad para la culminaci\u00f3n de la obra en [&hellip;]<\/p>\n","protected":false},"author":3,"featured_media":16772,"comment_status":"open","ping_status":"open","sticky":false,"template":"","format":"standard","meta":{"_joinchat":[],"footnotes":""},"categories":[51,53],"tags":[],"class_list":{"0":"post-16768","1":"post","2":"type-post","3":"status-publish","4":"format-standard","5":"has-post-thumbnail","7":"category-locales","8":"category-vera"},"_links":{"self":[{"href":"https:\/\/infovera.com.ar\/web\/wp-json\/wp\/v2\/posts\/16768","targetHints":{"allow":["GET"]}}],"collection":[{"href":"https:\/\/infovera.com.ar\/web\/wp-json\/wp\/v2\/posts"}],"about":[{"href":"https:\/\/infovera.com.ar\/web\/wp-json\/wp\/v2\/types\/post"}],"author":[{"embeddable":true,"href":"https:\/\/infovera.com.ar\/web\/wp-json\/wp\/v2\/users\/3"}],"replies":[{"embeddable":true,"href":"https:\/\/infovera.com.ar\/web\/wp-json\/wp\/v2\/comments?post=16768"}],"version-history":[{"count":0,"href":"https:\/\/infovera.com.ar\/web\/wp-json\/wp\/v2\/posts\/16768\/revisions"}],"wp:featuredmedia":[{"embeddable":true,"href":"https:\/\/infovera.com.ar\/web\/wp-json\/wp\/v2\/media\/16772"}],"wp:attachment":[{"href":"https:\/\/infovera.com.ar\/web\/wp-json\/wp\/v2\/media?parent=16768"}],"wp:term":[{"taxonomy":"category","embeddable":true,"href":"https:\/\/infovera.com.ar\/web\/wp-json\/wp\/v2\/categories?post=16768"},{"taxonomy":"post_tag","embeddable":true,"href":"https:\/\/infovera.com.ar\/web\/wp-json\/wp\/v2\/tags?post=16768"}],"curies":[{"name":"wp","href":"https:\/\/api.w.org\/{rel}","templated":true}]}}