{"id":16762,"date":"2021-01-13T12:11:10","date_gmt":"2021-01-13T15:11:10","guid":{"rendered":"https:\/\/infovera.com.ar\/web\/?p=16762"},"modified":"2021-01-14T14:22:47","modified_gmt":"2021-01-14T17:22:47","slug":"procedimiento-por-desalojo-en-un-campo-sobre-la-ruta-31","status":"publish","type":"post","link":"https:\/\/infovera.com.ar\/web\/2021\/01\/13\/procedimiento-por-desalojo-en-un-campo-sobre-la-ruta-31\/","title":{"rendered":"Procedimiento por desalojo en un campo sobre la Ruta 31"},"content":{"rendered":"<p><strong>El viernes pasado, personal de la secci\u00f3n El Guanag\u00e1n de Los Pumas, con colaboraci\u00f3n <\/strong><strong>del G.O.T. (Grupo de Operaciones T\u00e1cticas; Secci\u00f3n Veterinaria y Remonta) de la Secci\u00f3n N\u00ba 31 <\/strong><strong>de Intiyaco, dio cumplimiento de un oficio de desalojo en una causa caratuladoa como usurpaci\u00f3n de inmueble por despojo &#8211; da\u00f1o simple.<\/strong><\/p>\n<p>El procedimiento tuvo lugar en un establecimiento ubicado por Ruta 31 \u201cS\u201d, donde los rurales fueron atendidos por un ganadero de 48 a\u00f1os sin oponer reparo alguno en que se lleve a cabo lo ordenado por la magistratura interviniente.<\/p>\n<p>Los Pumas ingresaron al fundo, donde previa constataci\u00f3n en un corral arroj\u00f3 un total de 288 animales vacunos de diferentes categor\u00edas, y pelajes, y 2 animales<br \/>\nequinos, los que luego fueron retirados junto a las pertenencias del habitante.<\/p>\n<p>Se destaca que el sujeto stacando traslad\u00f3 los animales hasta un campo vecino; las<br \/>\nactuaciones realizadas fueron llevadas a cabo bajo estricto protocolo y en presencia de<br \/>\ntestigos. Interviene Unidad Fiscal de la Ciudad de Vera.<\/p>\n","protected":false},"excerpt":{"rendered":"<p>El viernes pasado, personal de la secci\u00f3n El Guanag\u00e1n de Los Pumas, con colaboraci\u00f3n del G.O.T. (Grupo de Operaciones T\u00e1cticas; Secci\u00f3n Veterinaria y Remonta) de la Secci\u00f3n N\u00ba 31 de Intiyaco, dio cumplimiento de un oficio de desalojo en una causa caratuladoa como usurpaci\u00f3n de inmueble por despojo &#8211; da\u00f1o simple. El procedimiento tuvo lugar [&hellip;]<\/p>\n","protected":false},"author":3,"featured_media":16766,"comment_status":"open","ping_status":"open","sticky":false,"template":"","format":"standard","meta":{"_joinchat":[],"footnotes":""},"categories":[51,30],"tags":[],"class_list":{"0":"post-16762","1":"post","2":"type-post","3":"status-publish","4":"format-standard","5":"has-post-thumbnail","7":"category-locales","8":"category-policiales"},"_links":{"self":[{"href":"https:\/\/infovera.com.ar\/web\/wp-json\/wp\/v2\/posts\/16762","targetHints":{"allow":["GET"]}}],"collection":[{"href":"https:\/\/infovera.com.ar\/web\/wp-json\/wp\/v2\/posts"}],"about":[{"href":"https:\/\/infovera.com.ar\/web\/wp-json\/wp\/v2\/types\/post"}],"author":[{"embeddable":true,"href":"https:\/\/infovera.com.ar\/web\/wp-json\/wp\/v2\/users\/3"}],"replies":[{"embeddable":true,"href":"https:\/\/infovera.com.ar\/web\/wp-json\/wp\/v2\/comments?post=16762"}],"version-history":[{"count":0,"href":"https:\/\/infovera.com.ar\/web\/wp-json\/wp\/v2\/posts\/16762\/revisions"}],"wp:featuredmedia":[{"embeddable":true,"href":"https:\/\/infovera.com.ar\/web\/wp-json\/wp\/v2\/media\/16766"}],"wp:attachment":[{"href":"https:\/\/infovera.com.ar\/web\/wp-json\/wp\/v2\/media?parent=16762"}],"wp:term":[{"taxonomy":"category","embeddable":true,"href":"https:\/\/infovera.com.ar\/web\/wp-json\/wp\/v2\/categories?post=16762"},{"taxonomy":"post_tag","embeddable":true,"href":"https:\/\/infovera.com.ar\/web\/wp-json\/wp\/v2\/tags?post=16762"}],"curies":[{"name":"wp","href":"https:\/\/api.w.org\/{rel}","templated":true}]}}