{"id":16602,"date":"2021-01-08T11:26:49","date_gmt":"2021-01-08T14:26:49","guid":{"rendered":"https:\/\/infovera.com.ar\/web\/?p=16602"},"modified":"2021-01-10T19:06:46","modified_gmt":"2021-01-10T22:06:46","slug":"entregaron-certificados-de-talleres-y-cursos-virtuales-en-la-gallareta","status":"publish","type":"post","link":"https:\/\/infovera.com.ar\/web\/2021\/01\/08\/entregaron-certificados-de-talleres-y-cursos-virtuales-en-la-gallareta\/","title":{"rendered":"Entregaron certificados de talleres y cursos virtuales en La Gallareta"},"content":{"rendered":"<p><strong>Visit\u00f3 Comuna de La Gallareta el director del Programa Munigesti\u00f3n, de la Secretar\u00eda de Fortalecimiento Territorial de la UNL (Universidad Nacional del Litoral), Nadir Saade.<\/strong><\/p>\n<p>Fue recibido por el presidente comunal, Fernando Nicola y parte de la Comisi\u00f3n.<\/p>\n<p>El director de Munigesti\u00f3n sostuvo una charla con representantes de las distintas instituciones de la localidad, donde inform\u00f3 sobre las capacitaciones que se ofrecen para Municipios y Comunas.<\/p>\n<p>Adem\u00e1s se llev\u00f3 a cabo la entrega de certificados a quienes realizaron Talleres y Cursos que se dictaron de forma virtual en el transcurso de la pandemia en el 2020.<\/p>\n<p>Qui\u00e9nes recibieron la certificaciones por realizar Cursos y Talleres siguientes, son:<\/p>\n<p>PROTOCOLO Y CEREMONIAL<br \/>\n&#8211; CONSTANTIN, Ariel Fabian<br \/>\n&#8211; BRASSART Maria Soledad<\/p>\n<p>AMBITO LEGISLATIVO<br \/>\n&#8211; Alberto Adri\u00e1n Marso<\/p>\n<p>DESBLOQUEANDO MI POTENCIAL CREATIVO<br \/>\n-NICOLA, Eliana Fabiola<\/p>\n<p>LEER PARA ESCRIBIR<br \/>\n-VILLASBOAS, Fabiana<\/p>\n<p>MOLDERIA Y RECURSOS DE CONFECCI\u00d3N<br \/>\n-GOROSITO, Mirta Anal\u00eda.<\/p>\n<p>El funcionario anunci\u00f3 las proyecciones para este 2021, dando a conocer el convenio a firmar sobre el Programa de Becas del Fondo Universitario de las Artes y la Transformaci\u00f3n Social, que conjuntamente con la Comuna de La Gallareta se ejecutar\u00e1.<\/p>\n","protected":false},"excerpt":{"rendered":"<p>Visit\u00f3 Comuna de La Gallareta el director del Programa Munigesti\u00f3n, de la Secretar\u00eda de Fortalecimiento Territorial de la UNL (Universidad Nacional del Litoral), Nadir Saade. Fue recibido por el presidente comunal, Fernando Nicola y parte de la Comisi\u00f3n. El director de Munigesti\u00f3n sostuvo una charla con representantes de las distintas instituciones de la localidad, donde [&hellip;]<\/p>\n","protected":false},"author":3,"featured_media":16603,"comment_status":"open","ping_status":"open","sticky":false,"template":"","format":"standard","meta":{"_joinchat":[],"footnotes":""},"categories":[51],"tags":[],"class_list":{"0":"post-16602","1":"post","2":"type-post","3":"status-publish","4":"format-standard","5":"has-post-thumbnail","7":"category-locales"},"_links":{"self":[{"href":"https:\/\/infovera.com.ar\/web\/wp-json\/wp\/v2\/posts\/16602","targetHints":{"allow":["GET"]}}],"collection":[{"href":"https:\/\/infovera.com.ar\/web\/wp-json\/wp\/v2\/posts"}],"about":[{"href":"https:\/\/infovera.com.ar\/web\/wp-json\/wp\/v2\/types\/post"}],"author":[{"embeddable":true,"href":"https:\/\/infovera.com.ar\/web\/wp-json\/wp\/v2\/users\/3"}],"replies":[{"embeddable":true,"href":"https:\/\/infovera.com.ar\/web\/wp-json\/wp\/v2\/comments?post=16602"}],"version-history":[{"count":0,"href":"https:\/\/infovera.com.ar\/web\/wp-json\/wp\/v2\/posts\/16602\/revisions"}],"wp:featuredmedia":[{"embeddable":true,"href":"https:\/\/infovera.com.ar\/web\/wp-json\/wp\/v2\/media\/16603"}],"wp:attachment":[{"href":"https:\/\/infovera.com.ar\/web\/wp-json\/wp\/v2\/media?parent=16602"}],"wp:term":[{"taxonomy":"category","embeddable":true,"href":"https:\/\/infovera.com.ar\/web\/wp-json\/wp\/v2\/categories?post=16602"},{"taxonomy":"post_tag","embeddable":true,"href":"https:\/\/infovera.com.ar\/web\/wp-json\/wp\/v2\/tags?post=16602"}],"curies":[{"name":"wp","href":"https:\/\/api.w.org\/{rel}","templated":true}]}}