{"id":16565,"date":"2021-01-07T11:27:51","date_gmt":"2021-01-07T14:27:51","guid":{"rendered":"https:\/\/infovera.com.ar\/web\/?p=16565"},"modified":"2021-01-07T21:12:32","modified_gmt":"2021-01-08T00:12:32","slug":"limitaran-la-circulacion-nocturna-en-todo-el-pais-para-frenar-los-contagios-de-covid","status":"publish","type":"post","link":"https:\/\/infovera.com.ar\/web\/2021\/01\/07\/limitaran-la-circulacion-nocturna-en-todo-el-pais-para-frenar-los-contagios-de-covid\/","title":{"rendered":"Limitar\u00e1n la circulaci\u00f3n nocturna en todo el pa\u00eds para frenar los contagios de Covid"},"content":{"rendered":"<p><strong>Cada provincia deber\u00e1 adecuarse a la medida de car\u00e1cter nacional.\u00a0<\/strong><\/p>\n<p>Ante la suba de casos de coronavirus a nivel nacional, el gobierno de Alberto Fern\u00e1ndez ultima detalles para dar a conocer una medida que ya fue propuesta a gobernadores: la restricci\u00f3n para circular por la noche, de 23 a 6, seg\u00fan dejaron trascender fuentes oficiales.<\/p>\n<p>Mientras se espera la oficializaci\u00f3n de esta limitaci\u00f3n, se estima que la decisi\u00f3n\u00a0no alcanzar\u00eda a los trabajadores esenciales y se publicar\u00e1 en el Bolet\u00edn Oficial como DNU este viernes.<\/p>\n<p>Cabe recordar que el mi\u00e9rcoles, el Presidente y los gobernadores hab\u00edan acordado la necesidad de limitar la circulaci\u00f3n, medida que en algunas provincias ya se aplica. Si bien las im\u00e1genes m\u00e1s fuertes por estos d\u00edas es lo que ocurre en los centro tur\u00edsticos, principalmente en las playas bonaerenses, en el Ejecutivo nacional plantean que eso mismo se reproduce en varias ciudades y pueblos de todo el pa\u00eds.<\/p>\n<p>Tras ese consenso, Fern\u00e1ndez defini\u00f3 las nuevas medidas en un encuentro que mantuvo hasta bien entrada la noche con el jefe de Gabinete, Santiago Cafiero, y el ministro del, Wado De Pedro.<\/p>\n<p>De todas formas, y a la espera de la publicaci\u00f3n del decreto, resta saber qu\u00e9 va a ocurrir en aquellos lugares donde la tasa de contagios se mantuvo sin variables.<\/p>\n<p>&nbsp;<\/p>\n<p>&nbsp;<\/p>\n","protected":false},"excerpt":{"rendered":"<p>Cada provincia deber\u00e1 adecuarse a la medida de car\u00e1cter nacional.\u00a0 Ante la suba de casos de coronavirus a nivel nacional, el gobierno de Alberto Fern\u00e1ndez ultima detalles para dar a conocer una medida que ya fue propuesta a gobernadores: la restricci\u00f3n para circular por la noche, de 23 a 6, seg\u00fan dejaron trascender fuentes oficiales. [&hellip;]<\/p>\n","protected":false},"author":3,"featured_media":16566,"comment_status":"open","ping_status":"open","sticky":false,"template":"","format":"standard","meta":{"_joinchat":[],"footnotes":""},"categories":[60],"tags":[],"class_list":{"0":"post-16565","1":"post","2":"type-post","3":"status-publish","4":"format-standard","5":"has-post-thumbnail","7":"category-provinciales"},"_links":{"self":[{"href":"https:\/\/infovera.com.ar\/web\/wp-json\/wp\/v2\/posts\/16565","targetHints":{"allow":["GET"]}}],"collection":[{"href":"https:\/\/infovera.com.ar\/web\/wp-json\/wp\/v2\/posts"}],"about":[{"href":"https:\/\/infovera.com.ar\/web\/wp-json\/wp\/v2\/types\/post"}],"author":[{"embeddable":true,"href":"https:\/\/infovera.com.ar\/web\/wp-json\/wp\/v2\/users\/3"}],"replies":[{"embeddable":true,"href":"https:\/\/infovera.com.ar\/web\/wp-json\/wp\/v2\/comments?post=16565"}],"version-history":[{"count":0,"href":"https:\/\/infovera.com.ar\/web\/wp-json\/wp\/v2\/posts\/16565\/revisions"}],"wp:featuredmedia":[{"embeddable":true,"href":"https:\/\/infovera.com.ar\/web\/wp-json\/wp\/v2\/media\/16566"}],"wp:attachment":[{"href":"https:\/\/infovera.com.ar\/web\/wp-json\/wp\/v2\/media?parent=16565"}],"wp:term":[{"taxonomy":"category","embeddable":true,"href":"https:\/\/infovera.com.ar\/web\/wp-json\/wp\/v2\/categories?post=16565"},{"taxonomy":"post_tag","embeddable":true,"href":"https:\/\/infovera.com.ar\/web\/wp-json\/wp\/v2\/tags?post=16565"}],"curies":[{"name":"wp","href":"https:\/\/api.w.org\/{rel}","templated":true}]}}