{"id":16459,"date":"2021-01-04T07:12:01","date_gmt":"2021-01-04T10:12:01","guid":{"rendered":"https:\/\/infovera.com.ar\/web\/?p=16459"},"modified":"2021-01-04T07:12:01","modified_gmt":"2021-01-04T10:12:01","slug":"francisco-reaparecio-tras-la-dolorosa-ciatica-y-pidio-un-ano-de-fraterna-solidaridad-y-de-paz","status":"publish","type":"post","link":"https:\/\/infovera.com.ar\/web\/2021\/01\/04\/francisco-reaparecio-tras-la-dolorosa-ciatica-y-pidio-un-ano-de-fraterna-solidaridad-y-de-paz\/","title":{"rendered":"Francisco reapareci\u00f3 tras la \u201cdolorosa ci\u00e1tica\u201d y pidi\u00f3 \u201cun a\u00f1o de fraterna solidaridad y de paz\u201d"},"content":{"rendered":"<p><strong>El papa Francisco reapareci\u00f3 hoy en p\u00fablico, tras la \u201cdolorosa ci\u00e1tica\u201d que lo oblig\u00f3 a suspender su participaci\u00f3n en dos misas consecutivas en las \u00faltimas horas<\/strong>, y pidi\u00f3 \u201cun a\u00f1o de fraterna solidaridad y de paz para todos\u201d, al recitar el \u00c1ngelus en ocasi\u00f3n de la Jornada Mundial de la Paz que se celebra este viernes.<\/p>\n<p><iframe loading=\"lazy\" title=\"Francisco reapareci\u00f3 tras la \u201cdolorosa ci\u00e1tica\u201d y pidi\u00f3 \u201cun a\u00f1o de fraterna solidaridad y de paz\u201d\" width=\"696\" height=\"392\" src=\"https:\/\/www.youtube.com\/embed\/BR8CeEBKFU0?feature=oembed\" frameborder=\"0\" allow=\"accelerometer; autoplay; clipboard-write; encrypted-media; gyroscope; picture-in-picture; web-share\" referrerpolicy=\"strict-origin-when-cross-origin\" allowfullscreen><\/iframe><\/p>\n<p>&nbsp;<\/p>\n<p>Para ampliar informaci\u00f3n: https:\/\/www.telam.com.ar\/notas\/202101\/540258-papa-francisco-ano-nuevo-vaticano.html<\/p>\n","protected":false},"excerpt":{"rendered":"<p>El papa Francisco reapareci\u00f3 hoy en p\u00fablico, tras la \u201cdolorosa ci\u00e1tica\u201d que lo oblig\u00f3 a suspender su participaci\u00f3n en dos misas consecutivas en las \u00faltimas horas, y pidi\u00f3 \u201cun a\u00f1o de fraterna solidaridad y de paz para todos\u201d, al recitar el \u00c1ngelus en ocasi\u00f3n de la Jornada Mundial de la Paz que se celebra este [&hellip;]<\/p>\n","protected":false},"author":3,"featured_media":0,"comment_status":"open","ping_status":"open","sticky":false,"template":"","format":"standard","meta":{"_joinchat":[],"footnotes":""},"categories":[62],"tags":[],"class_list":{"0":"post-16459","1":"post","2":"type-post","3":"status-publish","4":"format-standard","6":"category-nacionales"},"_links":{"self":[{"href":"https:\/\/infovera.com.ar\/web\/wp-json\/wp\/v2\/posts\/16459","targetHints":{"allow":["GET"]}}],"collection":[{"href":"https:\/\/infovera.com.ar\/web\/wp-json\/wp\/v2\/posts"}],"about":[{"href":"https:\/\/infovera.com.ar\/web\/wp-json\/wp\/v2\/types\/post"}],"author":[{"embeddable":true,"href":"https:\/\/infovera.com.ar\/web\/wp-json\/wp\/v2\/users\/3"}],"replies":[{"embeddable":true,"href":"https:\/\/infovera.com.ar\/web\/wp-json\/wp\/v2\/comments?post=16459"}],"version-history":[{"count":0,"href":"https:\/\/infovera.com.ar\/web\/wp-json\/wp\/v2\/posts\/16459\/revisions"}],"wp:attachment":[{"href":"https:\/\/infovera.com.ar\/web\/wp-json\/wp\/v2\/media?parent=16459"}],"wp:term":[{"taxonomy":"category","embeddable":true,"href":"https:\/\/infovera.com.ar\/web\/wp-json\/wp\/v2\/categories?post=16459"},{"taxonomy":"post_tag","embeddable":true,"href":"https:\/\/infovera.com.ar\/web\/wp-json\/wp\/v2\/tags?post=16459"}],"curies":[{"name":"wp","href":"https:\/\/api.w.org\/{rel}","templated":true}]}}