{"id":16454,"date":"2021-01-04T10:00:13","date_gmt":"2021-01-04T13:00:13","guid":{"rendered":"https:\/\/infovera.com.ar\/web\/?p=16454"},"modified":"2021-01-04T21:46:40","modified_gmt":"2021-01-05T00:46:40","slug":"19-nuevos-casos-en-el-departamento-vera","status":"publish","type":"post","link":"https:\/\/infovera.com.ar\/web\/2021\/01\/04\/19-nuevos-casos-en-el-departamento-vera\/","title":{"rendered":"19 nuevos casos en el departamento Vera"},"content":{"rendered":"<p><strong>Durante el fin de semana.<\/strong><\/p>\n<p><strong>Informe epidemiol\u00f3gico de fecha 02\/01\/2021. 20,00 hs.<\/strong><\/p>\n<p><strong><span style=\"color: #ff0000;\">VERA<\/span><\/strong><br \/>\n<strong><span style=\"color: #ff0000;\">Positivos Nuevos 10. (Determinados: 1 por m\u00e9todo AG; 9 por criterio cl\u00ednico epidemiol\u00f3gico).<\/span><\/strong><br \/>\nResultados Negativos 1. (Determinado por m\u00e9todo AG)<br \/>\nSospechosos 18. (A la espera de 6 resultados PCR).<br \/>\nCasos positivos acumulados 756.<br \/>\nTotal de Recuperados 664. En el d\u00eda de la fecha se otorgo 1 alta.<br \/>\nFallecidos acumulados: 17.<br \/>\nPositivos Activos 75.<br \/>\nInternados 6. (En el Hospital de Vera).<br \/>\nPersonas en aislamiento preventivo: 278.<\/p>\n<p><span style=\"color: #ff0000;\"><strong>CALCHAQUI<\/strong><\/span><br \/>\n<span style=\"color: #ff0000;\"><strong>Positivos Nuevos 3.<\/strong><\/span><br \/>\nFallecidos 1.<br \/>\nPositivos acumulados 169.<br \/>\nTotal de Recuperados 127. En el d\u00eda de la fecha se otorgaron 4 altas.<br \/>\nFallecidos acumulados 10.<br \/>\nPositivos Activos 32.<br \/>\nInternados 2. (1 en centro de mayor complejidad; 1 en el Samco de Calchaqu\u00ed).<br \/>\nPersonas en aislamiento preventivo: 75<\/p>\n<p><strong>Informe epidemiol\u00f3gico de fecha 03\/01\/2021. 20,00 hs.<\/strong><\/p>\n<p><span style=\"color: #ff0000;\"><strong>VERA<\/strong><\/span><br \/>\n<span style=\"color: #ff0000;\"><strong>Positivos Nuevos 4. (Determinados: 2 por m\u00e9todo AG; 2 por criterio cl\u00ednico epidemiol\u00f3gico).<\/strong><\/span><br \/>\nResultados Negativos 4. (Determinados: 3 por PCR; 1 por m\u00e9todo AG)<br \/>\n<strong>Fallecidos 1.<\/strong> Paciente femenino, adulta mayor, internada en el hospital de Vera.<br \/>\nSospechosos 16.<br \/>\nCasos positivos acumulados 760.<br \/>\nTotal de Recuperados 666. En el d\u00eda de la fecha se otorgaron 2 altas.<br \/>\nFallecidos acumulados: 18.<br \/>\nPositivos Activos 76.<br \/>\nInternados 7. (En el Hospital de Vera).<br \/>\nPersonas en aislamiento preventivo: 273.<\/p>\n<p><strong><span style=\"color: #ff0000;\">CALCHAQUI<\/span><\/strong><br \/>\n<strong><span style=\"color: #ff0000;\">Positivos Nuevos 1.<\/span><\/strong><br \/>\nResultados Negativos 2.<br \/>\nSospechosos 2. (A la espera de resultados PCR).<br \/>\nPositivos acumulados 170.<br \/>\nTotal de Recuperados 130. En el d\u00eda de la fecha se otorgaron 3 altas.<br \/>\nFallecidos acumulados 10.<br \/>\nPositivos Activos 30.<br \/>\nInternados 2. (1 en centro de mayor complejidad; 1 en el Samco de Calchaqu\u00ed).<br \/>\nPersonas en aislamiento preventivo: 67.<\/p>\n<p><span style=\"color: #ff0000;\"><strong>FORTIN OLMOS<\/strong><\/span><br \/>\n<span style=\"color: #ff0000;\"><strong>Positivos Nuevos 1.<\/strong><\/span><br \/>\nSospechosos 3. (A la espera de 2 resultados, todos en sus domicilios con buen estado de salud).<br \/>\nCasos positivos acumulados 20.<br \/>\nTotal de Recuperados 16. En el d\u00eda de la fecha se otorg\u00f3 1 alta.<br \/>\nFallecidos acumulados 1.<br \/>\nPositivos Activos 3.<\/p>\n","protected":false},"excerpt":{"rendered":"<p>Durante el fin de semana. Informe epidemiol\u00f3gico de fecha 02\/01\/2021. 20,00 hs. VERA Positivos Nuevos 10. (Determinados: 1 por m\u00e9todo AG; 9 por criterio cl\u00ednico epidemiol\u00f3gico). Resultados Negativos 1. (Determinado por m\u00e9todo AG) Sospechosos 18. (A la espera de 6 resultados PCR). Casos positivos acumulados 756. Total de Recuperados 664. En el d\u00eda de la [&hellip;]<\/p>\n","protected":false},"author":3,"featured_media":16466,"comment_status":"open","ping_status":"open","sticky":false,"template":"","format":"standard","meta":{"_joinchat":[],"footnotes":""},"categories":[51,53],"tags":[],"class_list":{"0":"post-16454","1":"post","2":"type-post","3":"status-publish","4":"format-standard","5":"has-post-thumbnail","7":"category-locales","8":"category-vera"},"_links":{"self":[{"href":"https:\/\/infovera.com.ar\/web\/wp-json\/wp\/v2\/posts\/16454","targetHints":{"allow":["GET"]}}],"collection":[{"href":"https:\/\/infovera.com.ar\/web\/wp-json\/wp\/v2\/posts"}],"about":[{"href":"https:\/\/infovera.com.ar\/web\/wp-json\/wp\/v2\/types\/post"}],"author":[{"embeddable":true,"href":"https:\/\/infovera.com.ar\/web\/wp-json\/wp\/v2\/users\/3"}],"replies":[{"embeddable":true,"href":"https:\/\/infovera.com.ar\/web\/wp-json\/wp\/v2\/comments?post=16454"}],"version-history":[{"count":0,"href":"https:\/\/infovera.com.ar\/web\/wp-json\/wp\/v2\/posts\/16454\/revisions"}],"wp:featuredmedia":[{"embeddable":true,"href":"https:\/\/infovera.com.ar\/web\/wp-json\/wp\/v2\/media\/16466"}],"wp:attachment":[{"href":"https:\/\/infovera.com.ar\/web\/wp-json\/wp\/v2\/media?parent=16454"}],"wp:term":[{"taxonomy":"category","embeddable":true,"href":"https:\/\/infovera.com.ar\/web\/wp-json\/wp\/v2\/categories?post=16454"},{"taxonomy":"post_tag","embeddable":true,"href":"https:\/\/infovera.com.ar\/web\/wp-json\/wp\/v2\/tags?post=16454"}],"curies":[{"name":"wp","href":"https:\/\/api.w.org\/{rel}","templated":true}]}}